{
    "id": 1662,
    "date": "2025-08-07T08:48:57",
    "date_gmt": "2025-08-07T08:48:57",
    "guid": {
        "rendered": "https:\/\/navya.es\/?page_id=1662"
    },
    "modified": "2025-08-19T15:24:00",
    "modified_gmt": "2025-08-19T15:24:00",
    "slug": "proyectos",
    "status": "publish",
    "type": "page",
    "link": "https:\/\/navya.es\/es\/proyectos\/",
    "title": {
        "rendered": "Proyectos"
    },
    "content": {
        "rendered": "<div class=\"wp-block-group alignfull has-background-background-color has-background has-global-padding is-layout-constrained wp-container-core-group-is-layout-03601303 wp-block-group-is-layout-constrained\" id=\"caracteristicas\" style=\"margin-top:0;margin-bottom:0;padding-top:0;padding-right:var(--wp--preset--spacing--30);padding-bottom:var(--wp--preset--spacing--60);padding-left:var(--wp--preset--spacing--30)\">\n<div class=\"wp-block-group alignwide is-vertical is-layout-flex wp-container-core-group-is-layout-fe9cc265 wp-block-group-is-layout-flex\">\n<div class=\"wp-block-group alignwide has-global-padding is-content-justification-left is-layout-constrained wp-container-core-group-is-layout-12dd3699 wp-block-group-is-layout-constrained\">\n<h2 class=\"wp-block-heading has-x-large-font-size\" style=\"margin-top:12px\">Algunos proyectos<\/h2>\n<\/div>\n<\/div>\n\n\n\n<div class=\"wp-block-group alignwide has-global-padding is-layout-constrained wp-block-group-is-layout-constrained\">\n<div class=\"wp-block-columns alignwide are-vertically-aligned-center has-tertiary-background-color has-background is-layout-flex wp-container-core-columns-is-layout-7ee115f0 wp-block-columns-is-layout-flex\" style=\"border-radius:0.5rem;padding-top:0;padding-right:0;padding-bottom:0;padding-left:0\">\n<div class=\"wp-block-column is-vertically-aligned-center is-layout-flow wp-block-column-is-layout-flow\">\n<div class=\"wp-block-uagb-image uagb-block-70c557ec wp-block-uagb-image--layout-overlay wp-block-uagb-image--effect-static wp-block-uagb-image--align-none\"><figure class=\"wp-block-uagb-image__figure\"><a class=\"\" href=\"https:\/\/navya.es\/es\/formacion-concepto-pbn\/\" target=\"\" rel=\"noopener\"><img loading=\"lazy\" decoding=\"async\" srcset=\"https:\/\/navya.es\/wp-content\/uploads\/2025\/08\/image-16-1024x683.jpg ,https:\/\/navya.es\/wp-content\/uploads\/2025\/08\/image-16-e1755615123577.jpg 780w, https:\/\/navya.es\/wp-content\/uploads\/2025\/08\/image-16-e1755615123577.jpg 360w\" sizes=\"auto, (max-width: 480px) 150px\" src=\"https:\/\/navya.es\/wp-content\/uploads\/2025\/08\/image-16-1024x683.jpg\" alt=\"\" class=\"uag-image-1737\" width=\"1024\" height=\"455\" title=\"image\" role=\"img\"\/><\/a><div class=\"wp-block-uagb-image--layout-overlay__color-wrapper\"><\/div><div class=\"wp-block-uagb-image--layout-overlay__inner center-center\"><a class=\"wp-block-uagb-image--layout-overlay-link\" href=\"https:\/\/navya.es\/es\/formacion-concepto-pbn\/\" target=\"\" rel=\"noopener\"><\/a><\/div><\/figure><\/div>\n<\/div>\n\n\n\n<div class=\"wp-block-column is-vertically-aligned-center is-layout-flow wp-block-column-is-layout-flow\">\n<div class=\"wp-block-group has-global-padding is-layout-constrained wp-container-core-group-is-layout-a35945ca wp-block-group-is-layout-constrained\" style=\"border-radius:0.5rem;padding-top:var(--wp--preset--spacing--30);padding-right:var(--wp--preset--spacing--30);padding-bottom:var(--wp--preset--spacing--30);padding-left:var(--wp--preset--spacing--30)\">\n<h3 class=\"wp-block-heading has-medium-font-size\" style=\"line-height:1.5\">Formaci\u00f3n Concepto PBN<\/h3>\n\n\n\n<p class=\"has-small-font-size\" style=\"margin-top:8px\">Dise\u00f1o e implementaci\u00f3n de formaci\u00f3n a asociaci\u00f3n de pilotos, combinando modalidad virtual y presencial.<br><a href=\"https:\/\/navya.es\/es\/formacion-concepto-pbn\/\" title=\"Ver m\u00e1s\">Ver m\u00e1s<\/a><br><\/p>\n<\/div>\n<\/div>\n<\/div>\n\n\n\n<div class=\"wp-block-columns alignwide is-layout-flex wp-container-core-columns-is-layout-28f84493 wp-block-columns-is-layout-flex\">\n<div class=\"wp-block-column is-vertically-aligned-stretch is-layout-flow wp-block-column-is-layout-flow\" style=\"flex-basis:66.66%\">\n<div class=\"wp-block-columns is-layout-flex wp-container-core-columns-is-layout-28f84493 wp-block-columns-is-layout-flex\">\n<div class=\"wp-block-column is-layout-flow wp-block-column-is-layout-flow\">\n<div class=\"wp-block-group has-tertiary-background-color has-background has-global-padding is-layout-constrained wp-container-core-group-is-layout-d299574f wp-block-group-is-layout-constrained\" style=\"border-radius:0.5rem;min-height:100%;padding-top:var(--wp--preset--spacing--30);padding-right:var(--wp--preset--spacing--30);padding-bottom:var(--wp--preset--spacing--30);padding-left:var(--wp--preset--spacing--30)\">\n<figure class=\"wp-block-image aligncenter size-full is-resized extendify-image-import wp-duotone-varpresetduotonesecondary-and-primary-1\"><img fetchpriority=\"high\" decoding=\"async\" width=\"512\" height=\"512\" src=\"http:\/\/navya.es\/wp-content\/uploads\/2025\/08\/turbina-eolica.png\" alt=\"\" class=\"wp-image-1694\" style=\"width:45px;height:auto\" srcset=\"https:\/\/navya.es\/wp-content\/uploads\/2025\/08\/turbina-eolica.png 512w, https:\/\/navya.es\/wp-content\/uploads\/2025\/08\/turbina-eolica-300x300.png 300w, https:\/\/navya.es\/wp-content\/uploads\/2025\/08\/turbina-eolica-150x150.png 150w\" sizes=\"(max-width: 512px) 100vw, 512px\" \/><\/figure>\n\n\n\n<h3 class=\"wp-block-heading has-medium-font-size\" style=\"line-height:1.5\">Repotenciaci\u00f3n Parque E\u00f3lico<\/h3>\n\n\n\n<p class=\"has-small-font-size\" style=\"margin-top:8px\">An\u00e1lisis de los l\u00edmites de altura as\u00ed como el impacto a los procedimientos de vuelo instrumentales y visuales.<br><a href=\"https:\/\/navya.es\/es\/repotenciacion-parque-eolico\/\" title=\"\">Ver m\u00e1s<\/a><\/p>\n<\/div>\n<\/div>\n\n\n\n<div class=\"wp-block-column is-layout-flow wp-block-column-is-layout-flow\">\n<div class=\"wp-block-group has-tertiary-background-color has-background has-global-padding is-layout-constrained wp-container-core-group-is-layout-d299574f wp-block-group-is-layout-constrained\" style=\"border-radius:0.5rem;min-height:100%;padding-top:var(--wp--preset--spacing--30);padding-right:var(--wp--preset--spacing--30);padding-bottom:var(--wp--preset--spacing--30);padding-left:var(--wp--preset--spacing--30)\">\n<figure class=\"wp-block-image aligncenter size-large extendify-image-import wp-duotone-varpresetduotonesecondary-and-primary-2\"><img decoding=\"async\" src=\"data:image\/svg+xml;base64,PHN2ZyB4bWxucz0iaHR0cDovL3d3dy53My5vcmcvMjAwMC9zdmciIGhlaWdodD0iNDhweCIgdmlld0JveD0iMCAtOTYwIDk2MCA5NjAiIHdpZHRoPSI0OHB4IiBmaWxsPSIjMjcyNzI3Ij48cGF0aCBkPSJNMjMwLTEyMHEtNjMgMC0xMDYuNS00My41VDgwLTI3MHEwLTYzIDQzLjUtMTA2LjVUMjMwLTQyMHE2MyAwIDEwNi41IDQzLjVUMzgwLTI3MHEwIDYzLTQzLjUgMTA2LjVUMjMwLTEyMFptNTAxIDBxLTYzIDAtMTA2LjUtNDMuNVQ1ODEtMjcwcTAtNjMgNDMuNS0xMDYuNVQ3MzEtNDIwcTYzIDAgMTA2LjUgNDMuNVQ4ODEtMjcwcTAgNjMtNDMuNSAxMDYuNVQ3MzEtMTIwWm0tNTAxLjA5LTYwcTM3LjA5IDAgNjMuNTktMjYuNDF0MjYuNS02My41cTAtMzcuMDktMjYuNDEtNjMuNTl0LTYzLjUtMjYuNXEtMzcuMDkgMC02My41OSAyNi40MXQtMjYuNSA2My41cTAgMzcuMDkgMjYuNDEgNjMuNTl0NjMuNSAyNi41Wm01MDEgMHEzNy4wOSAwIDYzLjU5LTI2LjQxdDI2LjUtNjMuNXEwLTM3LjA5LTI2LjQxLTYzLjU5dC02My41LTI2LjVxLTM3LjA5IDAtNjMuNTkgMjYuNDF0LTI2LjUgNjMuNXEwIDM3LjA5IDI2LjQxIDYzLjU5dDYzLjUgMjYuNVpNNDgxLTU0MXEtNjMgMC0xMDYuNS00My41VDMzMS02OTFxMC02MyA0My41LTEwNi41VDQ4MS04NDFxNjMgMCAxMDYuNSA0My41VDYzMS02OTFxMCA2My00My41IDEwNi41VDQ4MS01NDFabS0uMDktNjBxMzcuMDkgMCA2My41OS0yNi40MXQyNi41LTYzLjVxMC0zNy4wOS0yNi40MS02My41OXQtNjMuNS0yNi41cS0zNy4wOSAwLTYzLjU5IDI2LjQxdC0yNi41IDYzLjVxMCAzNy4wOSAyNi40MSA2My41OXQ2My41IDI2LjVabS4wOS05MFptMjUwIDQyMVptLTUwMSAwWiIvPjwvc3ZnPg==\" alt=\"\"\/><\/figure>\n\n\n\n<h3 class=\"wp-block-heading has-medium-font-size\" style=\"line-height:1.5\">Dise\u00f1o de espacio a\u00e9reo y corredores UAS | Canarias Stratoport <\/h3>\n\n\n\n<p class=\"has-small-font-size\" style=\"margin-top:8px\">Establecimiento de un entorno seguro y eficiente para la operaci\u00f3n de veh\u00edculos a\u00e9reos no tripulados de diferentes categor\u00edas, mediante la definici\u00f3n de vol\u00famenes espec\u00edficos y corredores de vuelo.<br><a href=\"https:\/\/navya.es\/es\/diseno-espacio-aereo-uas\/\" title=\"Ver m\u00e1s\">Ver m\u00e1s<\/a><\/p>\n<\/div>\n<\/div>\n<\/div>\n\n\n\n<div class=\"wp-block-columns are-vertically-aligned-top has-tertiary-background-color has-background is-layout-flex wp-container-core-columns-is-layout-7ee115f0 wp-block-columns-is-layout-flex\" style=\"border-radius:0.5rem;padding-top:0;padding-right:0;padding-bottom:0;padding-left:0\">\n<div class=\"wp-block-column is-vertically-aligned-top has-tertiary-background-color has-background is-layout-flow wp-block-column-is-layout-flow\">\n<div class=\"wp-block-uagb-image uagb-block-0c9f03b9 wp-block-uagb-image--layout-overlay wp-block-uagb-image--effect-static wp-block-uagb-image--align-none\"><figure class=\"wp-block-uagb-image__figure\"><a class=\"\" href=\"https:\/\/navya.es\/es\/diseno-procedimientos-vuelo-tercerapista-kuwait\/\" target=\"\" rel=\"noopener\"><img loading=\"lazy\" decoding=\"async\" srcset=\"https:\/\/navya.es\/wp-content\/uploads\/2025\/08\/Aeropuerto-Internacional-de-Kuwait-1024x811.jpg ,https:\/\/navya.es\/wp-content\/uploads\/2025\/08\/Aeropuerto-Internacional-de-Kuwait-scaled.jpg 780w, https:\/\/navya.es\/wp-content\/uploads\/2025\/08\/Aeropuerto-Internacional-de-Kuwait-scaled.jpg 360w\" sizes=\"auto, (max-width: 480px) 150px\" src=\"https:\/\/navya.es\/wp-content\/uploads\/2025\/08\/Aeropuerto-Internacional-de-Kuwait-1024x811.jpg\" alt=\"\" class=\"uag-image-1625\" width=\"1024\" height=\"811\" title=\"Aeropuerto Internacional de Kuwait\" role=\"img\"\/><\/a><div class=\"wp-block-uagb-image--layout-overlay__color-wrapper\"><\/div><div class=\"wp-block-uagb-image--layout-overlay__inner center-center\"><a class=\"wp-block-uagb-image--layout-overlay-link\" href=\"https:\/\/navya.es\/es\/diseno-procedimientos-vuelo-tercerapista-kuwait\/\" target=\"\" rel=\"noopener\"><\/a><\/div><\/figure><\/div>\n<\/div>\n\n\n\n<div class=\"wp-block-column is-vertically-aligned-top has-tertiary-background-color has-background is-layout-flow wp-block-column-is-layout-flow\">\n<div class=\"wp-block-group has-global-padding is-layout-constrained wp-container-core-group-is-layout-a35945ca wp-block-group-is-layout-constrained\" style=\"border-radius:0.5rem;padding-top:var(--wp--preset--spacing--30);padding-right:var(--wp--preset--spacing--30);padding-bottom:var(--wp--preset--spacing--30);padding-left:var(--wp--preset--spacing--30)\">\n<h3 class=\"wp-block-heading has-medium-font-size\" style=\"line-height:1.5\">Dise\u00f1o de procedimientos de vuelo tercera pista | Aeropuerto Internacional de Kuwait<\/h3>\n\n\n\n<p class=\"has-small-font-size\" style=\"margin-top:8px\">Dise\u00f1o y validaci\u00f3n de procedimientos de aproximaci\u00f3n ILS y RNP, as\u00ed como SIDs y STAR.<br><a href=\"https:\/\/navya.es\/es\/diseno-procedimientos-vuelo-tercerapista-kuwait\/\" title=\"\">Ver m\u00e1s<\/a><br><\/p>\n<\/div>\n<\/div>\n<\/div>\n<\/div>\n\n\n\n<div class=\"wp-block-column is-vertically-aligned-stretch is-layout-flow wp-block-column-is-layout-flow\" style=\"flex-basis:33.33%\">\n<div class=\"wp-block-group has-tertiary-background-color has-background has-global-padding is-layout-constrained wp-container-core-group-is-layout-8f6f1862 wp-block-group-is-layout-constrained\" style=\"border-radius:0.5rem;min-height:100%;margin-top:0;margin-bottom:0;padding-top:0;padding-right:0;padding-bottom:0;padding-left:0\">\n<div class=\"wp-block-uagb-image uagb-block-f0c57d8c wp-block-uagb-image--layout-overlay wp-block-uagb-image--effect-static wp-block-uagb-image--align-none\"><figure class=\"wp-block-uagb-image__figure\"><a class=\"\" href=\"https:\/\/navya.es\/es\/diseno-eo-sid-grupo-binter\/\" target=\"\" rel=\"noopener\"><img loading=\"lazy\" decoding=\"async\" srcset=\"https:\/\/navya.es\/wp-content\/uploads\/2025\/08\/ATR-y-luces-1024x768.jpg ,https:\/\/navya.es\/wp-content\/uploads\/2025\/08\/ATR-y-luces.jpg 780w, https:\/\/navya.es\/wp-content\/uploads\/2025\/08\/ATR-y-luces.jpg 360w\" sizes=\"auto, (max-width: 480px) 150px\" src=\"https:\/\/navya.es\/wp-content\/uploads\/2025\/08\/ATR-y-luces-1024x768.jpg\" alt=\"\" class=\"uag-image-2181\" width=\"1024\" height=\"768\" title=\"ATR y luces\" role=\"img\"\/><\/a><div class=\"wp-block-uagb-image--layout-overlay__color-wrapper\"><\/div><div class=\"wp-block-uagb-image--layout-overlay__inner center-center\"><a class=\"wp-block-uagb-image--layout-overlay-link\" href=\"https:\/\/navya.es\/es\/diseno-eo-sid-grupo-binter\/\" target=\"\" rel=\"noopener\"><\/a><\/div><\/figure><\/div>\n\n\n\n<div class=\"wp-block-group has-global-padding is-layout-constrained wp-container-core-group-is-layout-80fb368b wp-block-group-is-layout-constrained\" style=\"padding-top:var(--wp--preset--spacing--30);padding-right:var(--wp--preset--spacing--30);padding-bottom:var(--wp--preset--spacing--30);padding-left:var(--wp--preset--spacing--30)\">\n<h3 class=\"wp-block-heading has-medium-font-size\" style=\"line-height:1.5\">Dise\u00f1o de procedimientos EO-SID | Grupo Binter <\/h3>\n\n\n\n<p class=\"has-small-font-size\" style=\"margin-top:8px\">An\u00e1lisis del entorno operativo, definici\u00f3n del perfil de vuelo, dise\u00f1o del procedimiento y desarrollo de la correspondiente carta.<br><a href=\"https:\/\/navya.es\/es\/diseno-eo-sid-grupo-binter\/\" title=\"\">Ver m\u00e1s<\/a><\/p>\n<\/div>\n<\/div>\n<\/div>\n<\/div>\n\n\n\n<div class=\"wp-block-columns alignwide are-vertically-aligned-center has-tertiary-background-color has-background is-layout-flex wp-container-core-columns-is-layout-7ee115f0 wp-block-columns-is-layout-flex\" style=\"border-radius:0.5rem;padding-top:0;padding-right:0;padding-bottom:0;padding-left:0\">\n<div class=\"wp-block-column is-vertically-aligned-center is-layout-flow wp-block-column-is-layout-flow\">\n<div class=\"wp-block-uagb-image uagb-block-7facf570 wp-block-uagb-image--layout-overlay wp-block-uagb-image--effect-static wp-block-uagb-image--align-none\"><figure class=\"wp-block-uagb-image__figure\"><a class=\"\" href=\"https:\/\/navya.es\/es\/desarrollo-aerodromo-privado\/\" target=\"\" rel=\"noopener\"><img loading=\"lazy\" decoding=\"async\" srcset=\"https:\/\/navya.es\/wp-content\/uploads\/2025\/08\/adrien-tanic-oCzt0g_W5pY-unsplash-scaled-e1755617026320-1024x360.jpg ,https:\/\/navya.es\/wp-content\/uploads\/2025\/08\/adrien-tanic-oCzt0g_W5pY-unsplash-scaled-e1755617026320.jpg 780w, https:\/\/navya.es\/wp-content\/uploads\/2025\/08\/adrien-tanic-oCzt0g_W5pY-unsplash-scaled-e1755617026320.jpg 360w\" sizes=\"auto, (max-width: 480px) 150px\" src=\"https:\/\/navya.es\/wp-content\/uploads\/2025\/08\/adrien-tanic-oCzt0g_W5pY-unsplash-scaled-e1755617026320-1024x360.jpg\" alt=\"\" class=\"uag-image-1605\" width=\"1024\" height=\"536\" title=\"adrien-tanic-oCzt0g_W5pY-unsplash\" role=\"img\"\/><\/a><div class=\"wp-block-uagb-image--layout-overlay__color-wrapper\"><\/div><div class=\"wp-block-uagb-image--layout-overlay__inner center-center\"><a class=\"wp-block-uagb-image--layout-overlay-link\" href=\"https:\/\/navya.es\/es\/desarrollo-aerodromo-privado\/\" target=\"\" rel=\"noopener\"><\/a><\/div><\/figure><\/div>\n<\/div>\n\n\n\n<div class=\"wp-block-column is-vertically-aligned-center is-layout-flow wp-block-column-is-layout-flow\">\n<div class=\"wp-block-group has-global-padding is-layout-constrained wp-container-core-group-is-layout-a35945ca wp-block-group-is-layout-constrained\" style=\"border-radius:0.5rem;padding-top:var(--wp--preset--spacing--30);padding-right:var(--wp--preset--spacing--30);padding-bottom:var(--wp--preset--spacing--30);padding-left:var(--wp--preset--spacing--30)\">\n<h3 class=\"wp-block-heading has-medium-font-size\" style=\"line-height:1.5\">Desarrollo de aer\u00f3dromo privado<\/h3>\n\n\n\n<p class=\"has-small-font-size\" style=\"margin-top:8px\">Apoyo en el establecimiento de de cuatro fases progresivas para aportar informaci\u00f3n en la toma de decisiones del cliente, gui\u00e1ndole en los siguientes pasos y realizando las gestiones seg\u00fan sus indicaciones.<br><a href=\"https:\/\/navya.es\/es\/desarrollo-aerodromo-privado\/\" title=\"\">Ver m\u00e1s<\/a><br><\/p>\n<\/div>\n<\/div>\n<\/div>\n<\/div>\n\n\n\n<div class=\"wp-block-buttons alignwide is-content-justification-center is-layout-flex wp-container-core-buttons-is-layout-eb935935 wp-block-buttons-is-layout-flex\" style=\"margin-top:var(--wp--preset--spacing--60)\">\n<div class=\"wp-block-button\"><a class=\"wp-block-button__link wp-element-button\" href=\"https:\/\/navya.es\/es\/contacto\/\">\u00bfTienes un proyecto? Hablemos<\/a><\/div>\n<\/div>\n<\/div>",
        "protected": false
    },
    "excerpt": {
        "rendered": "<p>Algunos proyectos Formaci\u00f3n Concepto PBN Dise\u00f1o e implementaci\u00f3n de formaci\u00f3n a asociaci\u00f3n de pilotos, combinando modalidad virtual y presencial.Ver m\u00e1s Repotenciaci\u00f3n Parque E\u00f3lico An\u00e1lisis de los l\u00edmites de altura as\u00ed como el impacto a los procedimientos de vuelo instrumentales y visuales.Ver m\u00e1s Dise\u00f1o de espacio a\u00e9reo y corredores UAS | Canarias Stratoport Establecimiento de un [&hellip;]<\/p>",
        "protected": false
    },
    "author": 2,
    "featured_media": 0,
    "parent": 0,
    "menu_order": 0,
    "comment_status": "closed",
    "ping_status": "closed",
    "template": "",
    "meta": {
        "_uag_custom_page_level_css": "",
        "footnotes": ""
    },
    "class_list": [
        "post-1662",
        "page",
        "type-page",
        "status-publish",
        "hentry"
    ],
    "aioseo_notices": [],
    "uagb_featured_image_src": {
        "full": false,
        "thumbnail": false,
        "medium": false,
        "medium_large": false,
        "large": false,
        "1536x1536": false,
        "2048x2048": false,
        "trp-custom-language-flag": false
    },
    "uagb_author_info": {
        "display_name": "Tatiana Ram\u00edrez",
        "author_link": "https:\/\/navya.es\/es\/author\/tramirez\/"
    },
    "uagb_comment_info": 0,
    "uagb_excerpt": "Algunos proyectos Formaci\u00f3n Concepto PBN Dise\u00f1o e implementaci\u00f3n de formaci\u00f3n a asociaci\u00f3n de pilotos, combinando modalidad virtual y presencial.Ver m\u00e1s Repotenciaci\u00f3n Parque E\u00f3lico An\u00e1lisis de los l\u00edmites de altura as\u00ed como el impacto a los procedimientos de vuelo instrumentales y visuales.Ver m\u00e1s Dise\u00f1o de espacio a\u00e9reo y corredores UAS | Canarias Stratoport Establecimiento de un&hellip;",
    "_links": {
        "self": [
            {
                "href": "https:\/\/navya.es\/es\/wp-json\/wp\/v2\/pages\/1662",
                "targetHints": {
                    "allow": [
                        "GET"
                    ]
                }
            }
        ],
        "collection": [
            {
                "href": "https:\/\/navya.es\/es\/wp-json\/wp\/v2\/pages"
            }
        ],
        "about": [
            {
                "href": "https:\/\/navya.es\/es\/wp-json\/wp\/v2\/types\/page"
            }
        ],
        "author": [
            {
                "embeddable": true,
                "href": "https:\/\/navya.es\/es\/wp-json\/wp\/v2\/users\/2"
            }
        ],
        "replies": [
            {
                "embeddable": true,
                "href": "https:\/\/navya.es\/es\/wp-json\/wp\/v2\/comments?post=1662"
            }
        ],
        "version-history": [
            {
                "count": 39,
                "href": "https:\/\/navya.es\/es\/wp-json\/wp\/v2\/pages\/1662\/revisions"
            }
        ],
        "predecessor-version": [
            {
                "id": 2302,
                "href": "https:\/\/navya.es\/es\/wp-json\/wp\/v2\/pages\/1662\/revisions\/2302"
            }
        ],
        "wp:attachment": [
            {
                "href": "https:\/\/navya.es\/es\/wp-json\/wp\/v2\/media?parent=1662"
            }
        ],
        "curies": [
            {
                "name": "wp",
                "href": "https:\/\/api.w.org\/{rel}",
                "templated": true
            }
        ]
    }
}