{
    "id": 1560,
    "date": "2025-08-06T11:04:44",
    "date_gmt": "2025-08-06T11:04:44",
    "guid": {
        "rendered": "https:\/\/navya.es\/?page_id=1560"
    },
    "modified": "2025-08-22T12:52:22",
    "modified_gmt": "2025-08-22T12:52:22",
    "slug": "desarrollo-aerodromo-privado",
    "status": "publish",
    "type": "page",
    "link": "https:\/\/navya.es\/es\/desarrollo-aerodromo-privado\/",
    "title": {
        "rendered": "Desarrollo aer\u00f3dromo privado"
    },
    "content": {
        "rendered": "<div class=\"wp-block-group has-global-padding is-layout-constrained wp-block-group-is-layout-constrained\">\n<h2 class=\"wp-block-heading alignwide has-x-large-font-size\">Desarrollo de aer\u00f3dromo privado<\/h2>\n\n\n\n<div class=\"wp-block-cover alignwide is-light\" style=\"border-radius:1rem;min-height:341px;aspect-ratio:unset;\"><img decoding=\"async\" class=\"wp-block-cover__image-background wp-image-1606 size-large\" alt=\"\" src=\"http:\/\/navya.es\/wp-content\/uploads\/2025\/08\/adrien-tanic-oCzt0g_W5pY-unsplash-1-1024x536.jpg\" style=\"object-position:60% 87%\" data-object-fit=\"cover\" data-object-position=\"60% 87%\"\/><span aria-hidden=\"true\" class=\"wp-block-cover__background has-background-dim-20 has-background-dim\" style=\"background-color:#a38f79\"><\/span><div class=\"wp-block-cover__inner-container has-global-padding is-layout-constrained wp-block-cover-is-layout-constrained\">\n<p class=\"has-text-align-center has-large-font-size\"><\/p>\n<\/div><\/div>\n\n\n\n<div class=\"wp-block-group alignwide has-global-padding is-layout-constrained wp-block-group-is-layout-constrained\" style=\"padding-top:var(--wp--preset--spacing--20);padding-bottom:var(--wp--preset--spacing--20)\">\n<div class=\"wp-block-columns alignwide is-layout-flex wp-container-core-columns-is-layout-28f84493 wp-block-columns-is-layout-flex\">\n<div class=\"wp-block-column is-layout-flow wp-block-column-is-layout-flow\" style=\"flex-basis:60rem\">\n<div class=\"wp-block-group is-vertical is-layout-flex wp-container-core-group-is-layout-fe9cc265 wp-block-group-is-layout-flex\">\n<h3 class=\"wp-block-heading has-large-font-size\" style=\"margin-top:12px\">El reto<\/h3>\n<\/div>\n\n\n\n<p class=\"has-medium-font-size\" style=\"margin-top:16px;margin-bottom:var(--wp--preset--spacing--30)\">El cliente tiene inter\u00e9s en incrementar el uso de su instalaci\u00f3n, por lo que necesitar evaluar la viabilidad, determinar dimensiones del campo de vuelos y servicios requeridos, as\u00ed como llevar a cabo los procesos administrativos correspondientes.<\/p>\n\n\n\n<h3 class=\"wp-block-heading has-large-font-size\" style=\"margin-top:12px\">\u00bfC\u00f3mo lo resolvimos?<\/h3>\n\n\n\n<p class=\"has-medium-font-size\" style=\"margin-top:16px;margin-bottom:var(--wp--preset--spacing--30)\">Se estableci\u00f3 un planteamiento en cuatro fases progresivas, aportando al cliente la informaci\u00f3n necesaria para la toma de decisiones, gui\u00e1ndole en los siguientes pasos y realizando las gestiones seg\u00fan sus indicaciones.<\/p>\n\n\n\n<h3 class=\"wp-block-heading has-large-font-size\" style=\"margin-top:12px\">Beneficios<\/h3>\n\n\n\n<p class=\"has-medium-font-size\" style=\"margin-top:16px\">Puesta en marcha de un aer\u00f3dromo de manera progresiva y econ\u00f3micamente realista, sin incurrir en riesgos innecesarios.<\/p>\n<\/div>\n\n\n\n<div class=\"wp-block-column is-layout-flow wp-block-column-is-layout-flow\"><\/div>\n<\/div>\n<\/div>\n\n\n\n<div class=\"wp-block-group alignfull has-background-background-color has-background has-global-padding is-layout-constrained wp-container-core-group-is-layout-1d9d2c78 wp-block-group-is-layout-constrained\" style=\"margin-top:0;margin-bottom:0;padding-top:var(--wp--preset--spacing--60);padding-right:var(--wp--preset--spacing--30);padding-bottom:var(--wp--preset--spacing--60);padding-left:var(--wp--preset--spacing--30)\">\n<h2 class=\"wp-block-heading alignwide has-large-font-size\">Otros proyectos<\/h2>\n\n\n\n<div class=\"wp-block-columns alignwide is-layout-flex wp-container-core-columns-is-layout-8292df6c wp-block-columns-is-layout-flex\" style=\"padding-top:var(--wp--preset--spacing--30);padding-bottom:var(--wp--preset--spacing--30)\">\n<div class=\"wp-block-column is-layout-flow wp-block-column-is-layout-flow\"><\/div>\n\n\n\n<div class=\"wp-block-column is-layout-flow wp-block-column-is-layout-flow\">\n<div class=\"wp-block-uagb-image uagb-block-c19fd4d7 wp-block-uagb-image--layout-overlay wp-block-uagb-image--effect-static wp-block-uagb-image--align-none\"><figure class=\"wp-block-uagb-image__figure\"><a class=\"\" href=\"https:\/\/navya.es\/es\/diseno-espacio-aereo-uas\/\" target=\"\" rel=\"noopener\"><img loading=\"lazy\" decoding=\"async\" srcset=\"https:\/\/navya.es\/wp-content\/uploads\/2025\/08\/67a0791ef90311eb5f5a3b7a_img-concept-1024x751.webp ,https:\/\/navya.es\/wp-content\/uploads\/2025\/08\/67a0791ef90311eb5f5a3b7a_img-concept.webp 780w, https:\/\/navya.es\/wp-content\/uploads\/2025\/08\/67a0791ef90311eb5f5a3b7a_img-concept.webp 360w\" sizes=\"auto, (max-width: 480px) 150px\" src=\"https:\/\/navya.es\/wp-content\/uploads\/2025\/08\/67a0791ef90311eb5f5a3b7a_img-concept-1024x751.webp\" alt=\"\" class=\"uag-image-1475\" width=\"1024\" height=\"768\" title=\"67a0791ef90311eb5f5a3b7a_img concept\" role=\"img\"\/><\/a><div class=\"wp-block-uagb-image--layout-overlay__color-wrapper\"><\/div><div class=\"wp-block-uagb-image--layout-overlay__inner top-left\"><a class=\"wp-block-uagb-image--layout-overlay-link\" href=\"https:\/\/navya.es\/es\/diseno-espacio-aereo-uas\/\" target=\"\" rel=\"noopener\"><\/a><h6 class=\"uagb-image-heading\">Dise\u00f1o de espacio a\u00e9reo y corredores UAS | Canarias Stratoport <\/h6><\/div><\/figure><\/div>\n<\/div>\n\n\n\n<div class=\"wp-block-column is-layout-flow wp-block-column-is-layout-flow\">\n<div class=\"wp-block-uagb-image uagb-block-437c093f wp-block-uagb-image--layout-overlay wp-block-uagb-image--effect-static wp-block-uagb-image--align-none\"><figure class=\"wp-block-uagb-image__figure\"><a class=\"\" href=\"https:\/\/navya.es\/es\/diseno-eo-sid-grupo-binter\/\" target=\"\" rel=\"noopener\"><img loading=\"lazy\" decoding=\"async\" srcset=\"https:\/\/navya.es\/wp-content\/uploads\/2025\/08\/image-3-1024x576.jpg ,https:\/\/navya.es\/wp-content\/uploads\/2025\/08\/image-3.jpg 780w, https:\/\/navya.es\/wp-content\/uploads\/2025\/08\/image-3.jpg 360w\" sizes=\"auto, (max-width: 480px) 150px\" src=\"https:\/\/navya.es\/wp-content\/uploads\/2025\/08\/image-3-1024x576.jpg\" alt=\"\" class=\"uag-image-1542\" width=\"1024\" height=\"768\" title=\"image\" role=\"img\"\/><\/a><div class=\"wp-block-uagb-image--layout-overlay__color-wrapper\"><\/div><div class=\"wp-block-uagb-image--layout-overlay__inner top-left\"><a class=\"wp-block-uagb-image--layout-overlay-link\" href=\"https:\/\/navya.es\/es\/diseno-eo-sid-grupo-binter\/\" target=\"\" rel=\"noopener\"><\/a><h6 class=\"uagb-image-heading\">Dise\u00f1o de procedimiento EO-SID | Grupo Binter<\/h6><\/div><\/figure><\/div>\n<\/div>\n\n\n\n<div class=\"wp-block-column is-layout-flow wp-block-column-is-layout-flow\">\n<div class=\"wp-block-uagb-image uagb-block-d87ae423 wp-block-uagb-image--layout-overlay wp-block-uagb-image--effect-static wp-block-uagb-image--align-none\"><figure class=\"wp-block-uagb-image__figure\"><a class=\"\" href=\"https:\/\/navya.es\/es\/repotenciacion-parque-eolico\/\" target=\"\" rel=\"noopener\"><img loading=\"lazy\" decoding=\"async\" srcset=\"https:\/\/navya.es\/wp-content\/uploads\/2025\/08\/abby-anaday-Nnn2Dc6niVU-unsplash-1024x680.jpg ,https:\/\/navya.es\/wp-content\/uploads\/2025\/08\/abby-anaday-Nnn2Dc6niVU-unsplash-scaled.jpg 780w, https:\/\/navya.es\/wp-content\/uploads\/2025\/08\/abby-anaday-Nnn2Dc6niVU-unsplash-scaled.jpg 360w\" sizes=\"auto, (max-width: 480px) 150px\" src=\"https:\/\/navya.es\/wp-content\/uploads\/2025\/08\/abby-anaday-Nnn2Dc6niVU-unsplash-1024x680.jpg\" alt=\"\" class=\"uag-image-2281\" width=\"1024\" height=\"768\" title=\"abby-anaday-Nnn2Dc6niVU-unsplash\" role=\"img\"\/><\/a><div class=\"wp-block-uagb-image--layout-overlay__color-wrapper\"><\/div><div class=\"wp-block-uagb-image--layout-overlay__inner top-left\"><a class=\"wp-block-uagb-image--layout-overlay-link\" href=\"https:\/\/navya.es\/es\/repotenciacion-parque-eolico\/\" target=\"\" rel=\"noopener\"><\/a><h6 class=\"uagb-image-heading\">Repotenciaci\u00f3n de Parque E\u00f3lico<\/h6><\/div><\/figure><\/div>\n<\/div>\n<\/div>\n\n\n\n<div class=\"wp-block-buttons alignwide is-horizontal is-content-justification-right is-layout-flex wp-container-core-buttons-is-layout-c1ce71a8 wp-block-buttons-is-layout-flex\" style=\"margin-top:0;padding-top:var(--wp--preset--spacing--20)\">\n<div class=\"wp-block-button is-style-fill\"><a class=\"wp-block-button__link has-foreground-color has-text-color has-background has-link-color wp-element-button\" href=\"https:\/\/navya.es\/es\/proyectos\/\" style=\"border-style:none;border-width:0px;border-radius:28px;background-color:#69141400;line-height:1.5;text-decoration:underline\">Mostrar m\u00e1s <\/a><\/div>\n<\/div>\n<\/div>\n<\/div>",
        "protected": false
    },
    "excerpt": {
        "rendered": "<p>Desarrollo de aer\u00f3dromo privado El reto El cliente tiene inter\u00e9s en incrementar el uso de su instalaci\u00f3n, por lo que necesitar evaluar la viabilidad, determinar dimensiones del campo de vuelos y servicios requeridos, as\u00ed como llevar a cabo los procesos administrativos correspondientes. \u00bfC\u00f3mo lo resolvimos? Se estableci\u00f3 un planteamiento en cuatro fases progresivas, aportando al [&hellip;]<\/p>",
        "protected": false
    },
    "author": 2,
    "featured_media": 0,
    "parent": 0,
    "menu_order": 0,
    "comment_status": "closed",
    "ping_status": "closed",
    "template": "",
    "meta": {
        "_uag_custom_page_level_css": "",
        "footnotes": ""
    },
    "class_list": [
        "post-1560",
        "page",
        "type-page",
        "status-publish",
        "hentry"
    ],
    "aioseo_notices": [],
    "uagb_featured_image_src": {
        "full": false,
        "thumbnail": false,
        "medium": false,
        "medium_large": false,
        "large": false,
        "1536x1536": false,
        "2048x2048": false,
        "trp-custom-language-flag": false
    },
    "uagb_author_info": {
        "display_name": "Tatiana Ram\u00edrez",
        "author_link": "https:\/\/navya.es\/es\/author\/tramirez\/"
    },
    "uagb_comment_info": 0,
    "uagb_excerpt": "Desarrollo de aer\u00f3dromo privado El reto El cliente tiene inter\u00e9s en incrementar el uso de su instalaci\u00f3n, por lo que necesitar evaluar la viabilidad, determinar dimensiones del campo de vuelos y servicios requeridos, as\u00ed como llevar a cabo los procesos administrativos correspondientes. \u00bfC\u00f3mo lo resolvimos? Se estableci\u00f3 un planteamiento en cuatro fases progresivas, aportando al&hellip;",
    "_links": {
        "self": [
            {
                "href": "https:\/\/navya.es\/es\/wp-json\/wp\/v2\/pages\/1560",
                "targetHints": {
                    "allow": [
                        "GET"
                    ]
                }
            }
        ],
        "collection": [
            {
                "href": "https:\/\/navya.es\/es\/wp-json\/wp\/v2\/pages"
            }
        ],
        "about": [
            {
                "href": "https:\/\/navya.es\/es\/wp-json\/wp\/v2\/types\/page"
            }
        ],
        "author": [
            {
                "embeddable": true,
                "href": "https:\/\/navya.es\/es\/wp-json\/wp\/v2\/users\/2"
            }
        ],
        "replies": [
            {
                "embeddable": true,
                "href": "https:\/\/navya.es\/es\/wp-json\/wp\/v2\/comments?post=1560"
            }
        ],
        "version-history": [
            {
                "count": 29,
                "href": "https:\/\/navya.es\/es\/wp-json\/wp\/v2\/pages\/1560\/revisions"
            }
        ],
        "predecessor-version": [
            {
                "id": 2589,
                "href": "https:\/\/navya.es\/es\/wp-json\/wp\/v2\/pages\/1560\/revisions\/2589"
            }
        ],
        "wp:attachment": [
            {
                "href": "https:\/\/navya.es\/es\/wp-json\/wp\/v2\/media?parent=1560"
            }
        ],
        "curies": [
            {
                "name": "wp",
                "href": "https:\/\/api.w.org\/{rel}",
                "templated": true
            }
        ]
    }
}